[{"@context":"https:\/\/schema.org\/","@type":"Blog","@id":"https:\/\/www.mebikan.cz#Blog","headline":"Mebikan","description":"\nDomn\u00edv\u00e1te se, \u017ee v\u00e1m u\u017e nen\u00ed pomoci? V\u011b\u0159te, \u017ee to tak b\u00fdt nemus\u00ed. Pod\u00edv\u00e1te-li se na n\u00e1\u0161 web, nen\u00ed v\u016fbec vylou\u010deno, \u017ee u\u017e za p\u00e1r chvil radik\u00e1ln\u011b zm\u011bn\u00edte n\u00e1zor.","url":"https:\/\/www.mebikan.cz","hasPart":[{"@type":"Article","@id":"https:\/\/www.mebikan.cz\/par-originalnich-napadu-na-potisk-hrnku\/","headline":"P\u00e1r origin\u00e1ln\u00edch n\u00e1pad\u016f na potisk hrnku","url":"https:\/\/www.mebikan.cz\/par-originalnich-napadu-na-potisk-hrnku\/","datePublished":"2025-09-02","dateModified":"2025-09-02","mainEntityOfPage":"https:\/\/www.mebikan.cz\/par-originalnich-napadu-na-potisk-hrnku\/","author":{"@type":"Person","@id":"https:\/\/www.mebikan.cz\/author\/#Person","name":"","url":"https:\/\/www.mebikan.cz\/author\/","identifier":1,"image":{"@type":"ImageObject","@id":"https:\/\/secure.gravatar.com\/avatar\/2a487990a452554e9d027cbab96c6e6e6d3b119f22a2b3fb9e2bcb7e021cd643?s=96&d=mm&r=g","url":"https:\/\/secure.gravatar.com\/avatar\/2a487990a452554e9d027cbab96c6e6e6d3b119f22a2b3fb9e2bcb7e021cd643?s=96&d=mm&r=g","height":96,"width":96}},"publisher":{"@type":"Organization","name":"mebikan.cz","logo":{"@type":"ImageObject","@id":"\/logo.png","url":"\/logo.png","width":600,"height":60}},"image":{"@type":"ImageObject","@id":"https:\/\/www.mebikan.cz\/wp-content\/uploads\/book-4952220_640_3.jpg","url":"https:\/\/www.mebikan.cz\/wp-content\/uploads\/book-4952220_640_3.jpg","height":0,"width":0},"wordCount":642,"keywords":null},{"@type":"Article","@id":"https:\/\/www.mebikan.cz\/krasne-barevne-druhy\/","headline":"Kr\u00e1sn\u00e9 barevn\u00e9 druhy","url":"https:\/\/www.mebikan.cz\/krasne-barevne-druhy\/","datePublished":"2025-08-29","dateModified":"2025-08-29","mainEntityOfPage":"https:\/\/www.mebikan.cz\/krasne-barevne-druhy\/","author":{"@type":"Person","@id":"https:\/\/www.mebikan.cz\/author\/#Person","name":"","url":"https:\/\/www.mebikan.cz\/author\/","identifier":1,"image":{"@type":"ImageObject","@id":"https:\/\/secure.gravatar.com\/avatar\/2a487990a452554e9d027cbab96c6e6e6d3b119f22a2b3fb9e2bcb7e021cd643?s=96&d=mm&r=g","url":"https:\/\/secure.gravatar.com\/avatar\/2a487990a452554e9d027cbab96c6e6e6d3b119f22a2b3fb9e2bcb7e021cd643?s=96&d=mm&r=g","height":96,"width":96}},"publisher":{"@type":"Organization","name":"mebikan.cz","logo":{"@type":"ImageObject","@id":"\/logo.png","url":"\/logo.png","width":600,"height":60}},"image":null,"wordCount":219,"keywords":null},{"@type":"Article","@id":"https:\/\/www.mebikan.cz\/sladte-barvy-do-sveho-idealu\/","headline":"Sla\u010fte barvy do sv\u00e9ho ide\u00e1lu","url":"https:\/\/www.mebikan.cz\/sladte-barvy-do-sveho-idealu\/","datePublished":"2025-08-23","dateModified":"2025-08-23","mainEntityOfPage":"https:\/\/www.mebikan.cz\/sladte-barvy-do-sveho-idealu\/","author":{"@type":"Person","@id":"https:\/\/www.mebikan.cz\/author\/#Person","name":"","url":"https:\/\/www.mebikan.cz\/author\/","identifier":1,"image":{"@type":"ImageObject","@id":"https:\/\/secure.gravatar.com\/avatar\/2a487990a452554e9d027cbab96c6e6e6d3b119f22a2b3fb9e2bcb7e021cd643?s=96&d=mm&r=g","url":"https:\/\/secure.gravatar.com\/avatar\/2a487990a452554e9d027cbab96c6e6e6d3b119f22a2b3fb9e2bcb7e021cd643?s=96&d=mm&r=g","height":96,"width":96}},"publisher":{"@type":"Organization","name":"mebikan.cz","logo":{"@type":"ImageObject","@id":"\/logo.png","url":"\/logo.png","width":600,"height":60}},"image":null,"wordCount":195,"keywords":null},{"@type":"Article","@id":"https:\/\/www.mebikan.cz\/kvalitni-reklamni-predmety\/","headline":"Kvalitn\u00ed reklamn\u00ed p\u0159edm\u011bty","url":"https:\/\/www.mebikan.cz\/kvalitni-reklamni-predmety\/","datePublished":"2025-08-16","dateModified":"2025-08-16","mainEntityOfPage":"https:\/\/www.mebikan.cz\/kvalitni-reklamni-predmety\/","author":{"@type":"Person","@id":"https:\/\/www.mebikan.cz\/author\/#Person","name":"","url":"https:\/\/www.mebikan.cz\/author\/","identifier":1,"image":{"@type":"ImageObject","@id":"https:\/\/secure.gravatar.com\/avatar\/2a487990a452554e9d027cbab96c6e6e6d3b119f22a2b3fb9e2bcb7e021cd643?s=96&d=mm&r=g","url":"https:\/\/secure.gravatar.com\/avatar\/2a487990a452554e9d027cbab96c6e6e6d3b119f22a2b3fb9e2bcb7e021cd643?s=96&d=mm&r=g","height":96,"width":96}},"publisher":{"@type":"Organization","name":"mebikan.cz","logo":{"@type":"ImageObject","@id":"\/logo.png","url":"\/logo.png","width":600,"height":60}},"image":{"@type":"ImageObject","@id":"https:\/\/www.mebikan.cz\/wp-content\/uploads\/clean-1346686_640_3.jpg","url":"https:\/\/www.mebikan.cz\/wp-content\/uploads\/clean-1346686_640_3.jpg","height":0,"width":0},"wordCount":551,"keywords":null},{"@type":"Article","@id":"https:\/\/www.mebikan.cz\/splnte-si-sen-o-krasnem-ucesu\/","headline":"Spl\u0148te si sen o kr\u00e1sn\u00e9m \u00fa\u010desu","url":"https:\/\/www.mebikan.cz\/splnte-si-sen-o-krasnem-ucesu\/","datePublished":"2025-08-15","dateModified":"2025-08-15","mainEntityOfPage":"https:\/\/www.mebikan.cz\/splnte-si-sen-o-krasnem-ucesu\/","author":{"@type":"Person","@id":"https:\/\/www.mebikan.cz\/author\/#Person","name":"","url":"https:\/\/www.mebikan.cz\/author\/","identifier":1,"image":{"@type":"ImageObject","@id":"https:\/\/secure.gravatar.com\/avatar\/2a487990a452554e9d027cbab96c6e6e6d3b119f22a2b3fb9e2bcb7e021cd643?s=96&d=mm&r=g","url":"https:\/\/secure.gravatar.com\/avatar\/2a487990a452554e9d027cbab96c6e6e6d3b119f22a2b3fb9e2bcb7e021cd643?s=96&d=mm&r=g","height":96,"width":96}},"publisher":{"@type":"Organization","name":"mebikan.cz","logo":{"@type":"ImageObject","@id":"\/logo.png","url":"\/logo.png","width":600,"height":60}},"image":null,"wordCount":222,"keywords":null},{"@type":"Article","@id":"https:\/\/www.mebikan.cz\/kouzelne-caje\/","headline":"Kouzeln\u00e9 \u010daje","url":"https:\/\/www.mebikan.cz\/kouzelne-caje\/","datePublished":"2025-08-10","dateModified":"2025-08-10","mainEntityOfPage":"https:\/\/www.mebikan.cz\/kouzelne-caje\/","author":{"@type":"Person","@id":"https:\/\/www.mebikan.cz\/author\/#Person","name":"","url":"https:\/\/www.mebikan.cz\/author\/","identifier":1,"image":{"@type":"ImageObject","@id":"https:\/\/secure.gravatar.com\/avatar\/2a487990a452554e9d027cbab96c6e6e6d3b119f22a2b3fb9e2bcb7e021cd643?s=96&d=mm&r=g","url":"https:\/\/secure.gravatar.com\/avatar\/2a487990a452554e9d027cbab96c6e6e6d3b119f22a2b3fb9e2bcb7e021cd643?s=96&d=mm&r=g","height":96,"width":96}},"publisher":{"@type":"Organization","name":"mebikan.cz","logo":{"@type":"ImageObject","@id":"\/logo.png","url":"\/logo.png","width":600,"height":60}},"image":{"@type":"ImageObject","@id":"https:\/\/www.mebikan.cz\/wp-content\/uploads\/pexels-thought-catalog-317580-904616_10_10_10_2.jpg","url":"https:\/\/www.mebikan.cz\/wp-content\/uploads\/pexels-thought-catalog-317580-904616_10_10_10_2.jpg","height":0,"width":0},"wordCount":573,"keywords":null},{"@type":"Article","@id":"https:\/\/www.mebikan.cz\/idealni-dekorace-vasich-pokoju\/","headline":"Ide\u00e1ln\u00ed dekorace va\u0161ich pokoj\u016f","url":"https:\/\/www.mebikan.cz\/idealni-dekorace-vasich-pokoju\/","datePublished":"2025-08-10","dateModified":"2025-08-10","mainEntityOfPage":"https:\/\/www.mebikan.cz\/idealni-dekorace-vasich-pokoju\/","author":{"@type":"Person","@id":"https:\/\/www.mebikan.cz\/author\/#Person","name":"","url":"https:\/\/www.mebikan.cz\/author\/","identifier":1,"image":{"@type":"ImageObject","@id":"https:\/\/secure.gravatar.com\/avatar\/2a487990a452554e9d027cbab96c6e6e6d3b119f22a2b3fb9e2bcb7e021cd643?s=96&d=mm&r=g","url":"https:\/\/secure.gravatar.com\/avatar\/2a487990a452554e9d027cbab96c6e6e6d3b119f22a2b3fb9e2bcb7e021cd643?s=96&d=mm&r=g","height":96,"width":96}},"publisher":{"@type":"Organization","name":"mebikan.cz","logo":{"@type":"ImageObject","@id":"\/logo.png","url":"\/logo.png","width":600,"height":60}},"image":null,"wordCount":248,"keywords":null},{"@type":"Article","@id":"https:\/\/www.mebikan.cz\/prijedeme-vam-je-namontovat\/","headline":"P\u0159ijedeme v\u00e1m je namontovat","url":"https:\/\/www.mebikan.cz\/prijedeme-vam-je-namontovat\/","datePublished":"2025-08-05","dateModified":"2025-08-05","mainEntityOfPage":"https:\/\/www.mebikan.cz\/prijedeme-vam-je-namontovat\/","author":{"@type":"Person","@id":"https:\/\/www.mebikan.cz\/author\/#Person","name":"","url":"https:\/\/www.mebikan.cz\/author\/","identifier":1,"image":{"@type":"ImageObject","@id":"https:\/\/secure.gravatar.com\/avatar\/2a487990a452554e9d027cbab96c6e6e6d3b119f22a2b3fb9e2bcb7e021cd643?s=96&d=mm&r=g","url":"https:\/\/secure.gravatar.com\/avatar\/2a487990a452554e9d027cbab96c6e6e6d3b119f22a2b3fb9e2bcb7e021cd643?s=96&d=mm&r=g","height":96,"width":96}},"publisher":{"@type":"Organization","name":"mebikan.cz","logo":{"@type":"ImageObject","@id":"\/logo.png","url":"\/logo.png","width":600,"height":60}},"image":null,"wordCount":213,"keywords":null},{"@type":"Article","@id":"https:\/\/www.mebikan.cz\/vecerni-zabava\/","headline":"Ve\u010dern\u00ed z\u00e1bava","url":"https:\/\/www.mebikan.cz\/vecerni-zabava\/","datePublished":"2025-07-29","dateModified":"2025-07-29","mainEntityOfPage":"https:\/\/www.mebikan.cz\/vecerni-zabava\/","author":{"@type":"Person","@id":"https:\/\/www.mebikan.cz\/author\/#Person","name":"","url":"https:\/\/www.mebikan.cz\/author\/","identifier":1,"image":{"@type":"ImageObject","@id":"https:\/\/secure.gravatar.com\/avatar\/2a487990a452554e9d027cbab96c6e6e6d3b119f22a2b3fb9e2bcb7e021cd643?s=96&d=mm&r=g","url":"https:\/\/secure.gravatar.com\/avatar\/2a487990a452554e9d027cbab96c6e6e6d3b119f22a2b3fb9e2bcb7e021cd643?s=96&d=mm&r=g","height":96,"width":96}},"publisher":{"@type":"Organization","name":"mebikan.cz","logo":{"@type":"ImageObject","@id":"\/logo.png","url":"\/logo.png","width":600,"height":60}},"image":null,"wordCount":265,"keywords":null},{"@type":"Article","@id":"https:\/\/www.mebikan.cz\/dokonale-prehledne-webove-stranky\/","headline":"Dokonale p\u0159ehledn\u00e9 webov\u00e9 str\u00e1nky","url":"https:\/\/www.mebikan.cz\/dokonale-prehledne-webove-stranky\/","datePublished":"2025-07-22","dateModified":"2025-07-22","mainEntityOfPage":"https:\/\/www.mebikan.cz\/dokonale-prehledne-webove-stranky\/","author":{"@type":"Person","@id":"https:\/\/www.mebikan.cz\/author\/#Person","name":"","url":"https:\/\/www.mebikan.cz\/author\/","identifier":1,"image":{"@type":"ImageObject","@id":"https:\/\/secure.gravatar.com\/avatar\/2a487990a452554e9d027cbab96c6e6e6d3b119f22a2b3fb9e2bcb7e021cd643?s=96&d=mm&r=g","url":"https:\/\/secure.gravatar.com\/avatar\/2a487990a452554e9d027cbab96c6e6e6d3b119f22a2b3fb9e2bcb7e021cd643?s=96&d=mm&r=g","height":96,"width":96}},"publisher":{"@type":"Organization","name":"mebikan.cz","logo":{"@type":"ImageObject","@id":"\/logo.png","url":"\/logo.png","width":600,"height":60}},"image":null,"wordCount":198,"keywords":null}]},{"@context":"https:\/\/schema.org","@type":"WebSite","@id":"https:\/\/www.mebikan.cz\/#website","name":"Mebikan","url":"https:\/\/www.mebikan.cz","potentialAction":{"@type":"SearchAction","target":"https:\/\/www.mebikan.cz\/?s={search_term_string}","query-input":"required name=search_term_string"}}]