[{"@context":"https:\/\/schema.org\/","@type":"Article","@id":"https:\/\/www.mebikan.cz\/firemni-vecirky-se-blizi\/#Article","mainEntityOfPage":"https:\/\/www.mebikan.cz\/firemni-vecirky-se-blizi\/","headline":"Firemn\u00ed ve\u010d\u00edrky se bl\u00ed\u017e\u00ed!","name":"Firemn\u00ed ve\u010d\u00edrky se bl\u00ed\u017e\u00ed!","description":"V\u00e1noce se nezadr\u017eiteln\u011b bl\u00ed\u017e\u00ed a s&nbsp;n\u00ed i firemn\u00ed ve\u010d\u00edrky k&nbsp;ukon\u010den\u00ed roku. Firemn\u00ed ve\u010d\u00edrky jsou mezi zam\u011bstnanci velice obl\u00edbenou kratochv\u00edl\u00ed, kter\u00e9 se pravideln\u011b v&nbsp;hojn\u00e9m po\u010dtu...","datePublished":"2019-10-10","dateModified":"2023-05-31","author":{"@type":"Person","@id":"https:\/\/www.mebikan.cz\/author\/#Person","name":"","url":"https:\/\/www.mebikan.cz\/author\/","identifier":1,"image":{"@type":"ImageObject","@id":"https:\/\/secure.gravatar.com\/avatar\/2a487990a452554e9d027cbab96c6e6e6d3b119f22a2b3fb9e2bcb7e021cd643?s=96&d=mm&r=g","url":"https:\/\/secure.gravatar.com\/avatar\/2a487990a452554e9d027cbab96c6e6e6d3b119f22a2b3fb9e2bcb7e021cd643?s=96&d=mm&r=g","height":96,"width":96}},"publisher":{"@type":"Organization","name":"mebikan.cz","logo":{"@type":"ImageObject","@id":"\/logo.png","url":"\/logo.png","width":600,"height":60}},"image":{"@type":"ImageObject","@id":"https:\/\/www.mebikan.cz\/wp-content\/uploads\/img_a357486_w3881_t1572093705.jpg","url":"https:\/\/www.mebikan.cz\/wp-content\/uploads\/img_a357486_w3881_t1572093705.jpg","height":0,"width":0},"url":"https:\/\/www.mebikan.cz\/firemni-vecirky-se-blizi\/","about":["Firmy"],"wordCount":454,"articleBody":"V\u00e1noce se nezadr\u017eiteln\u011b bl\u00ed\u017e\u00ed a s&nbsp;n\u00ed i firemn\u00ed ve\u010d\u00edrky k&nbsp;ukon\u010den\u00ed roku. Firemn\u00ed ve\u010d\u00edrky jsou mezi zam\u011bstnanci velice obl\u00edbenou kratochv\u00edl\u00ed, kter\u00e9 se pravideln\u011b v&nbsp;hojn\u00e9m po\u010dtu z\u00fa\u010dast\u0148uj\u00ed a u\u017e\u00edvaj\u00ed si z\u00e1bavu se sv\u00fdmi kolegy. Nejlep\u0161\u00ed doba pro sjedn\u00e1n\u00ed firemn\u00edho ve\u010d\u00edrku je tu, \u010d\u00edm bl\u00ed\u017ee bude k&nbsp;V\u00e1noc\u016fm, t\u00edm m\u00e9n\u011b bude m\u00edst, kter\u00e1 nebudou je\u0161t\u011b obsazen\u00e1. Co v\u0161e je pot\u0159eba za\u0159\u00eddit na firemn\u00ed ve\u010d\u00edrek?M\u00edstoSt\u011b\u017eejn\u00ed je pro firemn\u00ed ve\u010d\u00edrky m\u00edsto, to by m\u011blo b\u00fdt tak akor\u00e1t. Nem\u011blo by b\u00fdt moc mal\u00e9, aby se zam\u011bstnanci c\u00edtili dob\u0159e a nem\u011blo by b\u00fdt ani moc velk\u00e9. M\u00edsto vyb\u00edrejte dle toho, kolik v\u00e1s bude a co v\u0161echno od dan\u00e9ho m\u00edsta vy\u017eadujete. Pokud chcete m\u00edt ve\u010d\u00edrek s&nbsp;obsluhou, zvolte sp\u00ed\u0161e rezervaci salonku v&nbsp;restauraci. Slavit se d\u00e1 samoz\u0159ejm\u011b i v&nbsp;samotn\u00e9 pr\u00e1ci po pracovn\u00ed dob\u011b.V\u00fdzdobuNa V\u00e1no\u010dn\u00ed ve\u010d\u00edrek mus\u00ed b\u00fdt v\u00fdzdoba, kter\u00e1 by m\u011bla korespondovat se zam\u011b\u0159en\u00edm firmy a tak\u00e9 s&nbsp;form\u00e1lnost\u00ed akce. Pokud jste men\u0161\u00ed kolektiv, kde se v\u0161ichni zn\u00e1te, pak si m\u016f\u017eete dovolit m\u00e9n\u011b form\u00e1ln\u00ed akci, t\u0159eba i s&nbsp;v\u00edce alkoholem. Na form\u00e1ln\u00ed akci t\u0159eba i se sponzory \u010di z\u00e1kazn\u00edky mus\u00edte trochu reprezentovat a v\u00fdzdoba by tomu m\u011bla ur\u010dit\u011b odpov\u00eddat.Ob\u010derstven\u00edOb\u010derstven\u00ed je z\u00e1sadn\u00ed sou\u010d\u00e1st\u00ed v\u0161ech ve\u010d\u00edrk\u016f. M\u00e1te mo\u017enost bu\u010f za\u0159\u00eddit na ve\u010d\u00edrek ve\u010de\u0159i, potom je lep\u0161\u00ed m\u00edt ve\u010d\u00edrek v&nbsp;restauraci s&nbsp;obsluhou. Dal\u0161\u00ed mo\u017enost\u00ed je zvolit ob\u010derstven\u00ed ve form\u011b rautu. Ten se hod\u00ed t\u0159eba na akce do kancel\u00e1\u0159\u00ed, kam si m\u016f\u017eete nechat dov\u00e9zt ob\u010derstven\u00ed od n\u011bkter\u00e9 z&nbsp;cateringov\u00fdch spole\u010dnost\u00ed. Men\u0161\u00ed a rodinn\u00e9 firmy \u010dasto \u0159e\u0161\u00ed ob\u010derstven\u00edm tak, \u017ee ka\u017ed\u00fd ze zam\u011bstnanc\u016f donese n\u011bjakou dom\u00e1c\u00ed specialitu a zam\u011bstnavatel za\u0159\u00edd\u00ed pit\u00ed. Men\u0161\u00ed firma maj\u00ed toti\u017e v\u00edce rodinnou atmosf\u00e9ru a tento zp\u016fsob ve\u010d\u00edrku zam\u011bstnanc\u016fm nevad\u00ed.Pozv\u00e1nkyNa firemn\u00ed ve\u010d\u00edrek nezapome\u0148te zav\u010dasu pozvat v\u0161echny zam\u011bstnance. V\u010dasn\u00e1 pozv\u00e1nka je toti\u017e d\u016fle\u017eit\u00e1, aby u\u017e nem\u011bli v&nbsp;pl\u00e1nu na dan\u00e9 datum jinou akci. Jen tak si zajist\u00edte to, \u017ee se sejde zam\u011bstnanc\u016f opravdu hodn\u011b.                                                                                                                                                                                                                                                                                                                                                                                        4.4\/5 - (7 votes)        "},{"@context":"https:\/\/schema.org\/","@type":"BreadcrumbList","itemListElement":[{"@type":"ListItem","position":1,"name":"Firemn\u00ed ve\u010d\u00edrky se bl\u00ed\u017e\u00ed!","item":"https:\/\/www.mebikan.cz\/firemni-vecirky-se-blizi\/#breadcrumbitem"}]}]