[{"@context":"https:\/\/schema.org\/","@type":"Article","@id":"https:\/\/www.mebikan.cz\/kde-nejcasteji-najdeme-sklenene-zabradli\/#Article","mainEntityOfPage":"https:\/\/www.mebikan.cz\/kde-nejcasteji-najdeme-sklenene-zabradli\/","headline":"Kde nej\u010dast\u011bji najdeme sklen\u011bn\u00e9 z\u00e1bradl\u00ed","name":"Kde nej\u010dast\u011bji najdeme sklen\u011bn\u00e9 z\u00e1bradl\u00ed","description":"Je smutn\u00fdm faktem, \u017ee existuj\u00ed v na\u0161em \u017eivot\u011b v\u011bci, kter\u00e9 pova\u017eujeme za tak samoz\u0159ejm\u00e9, \u017ee jim prakticky nev\u011bnujeme \u017e\u00e1dnou pozornost, a\u010dkoliv je pou\u017e\u00edv\u00e1me ka\u017ed\u00fd...","datePublished":"2020-11-04","dateModified":"2023-05-31","author":{"@type":"Person","@id":"https:\/\/www.mebikan.cz\/author\/#Person","name":"","url":"https:\/\/www.mebikan.cz\/author\/","identifier":1,"image":{"@type":"ImageObject","@id":"https:\/\/secure.gravatar.com\/avatar\/2a487990a452554e9d027cbab96c6e6e6d3b119f22a2b3fb9e2bcb7e021cd643?s=96&d=mm&r=g","url":"https:\/\/secure.gravatar.com\/avatar\/2a487990a452554e9d027cbab96c6e6e6d3b119f22a2b3fb9e2bcb7e021cd643?s=96&d=mm&r=g","height":96,"width":96}},"publisher":{"@type":"Organization","name":"mebikan.cz","logo":{"@type":"ImageObject","@id":"\/logo.png","url":"\/logo.png","width":600,"height":60}},"image":{"@type":"ImageObject","@id":"https:\/\/www.mebikan.cz\/wp-content\/uploads\/schodiste1_10_8.jpg","url":"https:\/\/www.mebikan.cz\/wp-content\/uploads\/schodiste1_10_8.jpg","height":0,"width":0},"url":"https:\/\/www.mebikan.cz\/kde-nejcasteji-najdeme-sklenene-zabradli\/","about":["N\u00e1kupy"],"wordCount":468,"articleBody":"   Je smutn\u00fdm faktem, \u017ee existuj\u00ed v na\u0161em \u017eivot\u011b v\u011bci, kter\u00e9 pova\u017eujeme za tak samoz\u0159ejm\u00e9, \u017ee jim prakticky nev\u011bnujeme \u017e\u00e1dnou pozornost, a\u010dkoliv je pou\u017e\u00edv\u00e1me ka\u017ed\u00fd den. Jedn\u00edm z takov\u00fdchto p\u0159\u00edklad\u016f je i z\u00e1bradl\u00ed. Bez n\u011bj bychom si ji\u017e balk\u00f3n \u010di schodi\u0161t\u011b prakticky nedovedli p\u0159edstavit.Jen m\u00e1lokdo si v\u0161ak pln\u011b uv\u011bdomuje, jak \u0161irok\u00e1 je \u0161k\u00e1la materi\u00e1l\u016f, z nich\u017e m\u016f\u017ee b\u00fdt vyrobeno. V\u011bt\u0161ina z n\u00e1s samoz\u0159ejm\u011b vyjmenuje ihned kov \u010di d\u0159evo, av\u0161ak to ani zdaleka nen\u00ed v\u0161e. Jsou i materi\u00e1ly, kter\u00e9 n\u00e1m na prvn\u00ed pohled p\u0159ipadaj\u00ed absurdn\u00ed, av\u0161ak p\u0159esto se st\u00e1vaj\u00ed st\u00e1le roz\u0161\u00ed\u0159en\u011bj\u0161\u00edmi.Jedn\u00edm z nich je i sklo. To obecn\u011b nen\u00ed pova\u017eov\u00e1no za p\u0159\u00edli\u0161 odoln\u00e9 \u010di bezpe\u010dn\u00e9, co\u017e jsou dv\u011b v\u011bci, kter\u00e9 by u z\u00e1bradl\u00ed m\u011bly st\u00e1t na prvn\u00edm m\u00edst\u011b. P\u0159esto sklen\u011bn\u00e9 z\u00e1bradl\u00ed Kmkdesign.cz nejen\u017ee existuje, n\u00fdbr\u017e jej najdeme st\u00e1le \u010dast\u011bji.V prvn\u00ed \u0159ad\u011b je v\u0161ak nutno \u0159\u00edci, \u017ee se obvykle nejedn\u00e1 o \u010dist\u00e9 sklo, n\u00fdbr\u017e jde o kombinaci s jin\u00fdm materi\u00e1lem, nej\u010dast\u011bji kovem, kdy je sklen\u011bn\u00e1 deska zasazen\u00e1 do kovov\u00e9ho r\u00e1mu. To samoz\u0159ejm\u011b zvy\u0161uje bezpe\u010dnost cel\u00e9 konstrukce, av\u0161ak ot\u00e1zky z\u016fst\u00e1vaj\u00ed.Je toti\u017e nutn\u00e9 si uv\u011bdomit, \u017ee a\u010dkoliv je zde ona konstrukce, ur\u010dit\u00e1 rizika st\u00e1le z\u016fst\u00e1vaj\u00ed. Je toti\u017e velmi dob\u0159e mo\u017en\u00e9, \u017ee nap\u0159\u00edklad p\u0159i uklouznut\u00ed do on\u00e9 desky naraz\u00edme, \u010di do n\u00ed necht\u011bn\u011b bouchneme. Zde pak hroz\u00ed, \u017ee se rozbije a rozpadne na st\u0159epy, kter\u00e9 samy o sob\u011b p\u0159edstavuj\u00ed riziko jak pro lidi, tak pro zv\u00ed\u0159ata.I proto se tyto desky vyr\u00e1b\u00ed ze speci\u00e1ln\u00edho tvrzen\u00e9ho skla, kter\u00e9 odol\u00e1 n\u00e1razu mnohem l\u00e9pe ne\u017e to, co m\u00e1me nap\u0159\u00edklad v okn\u011b. Nav\u00edc je pokryto pr\u016fhlednou \u010di matnou f\u00f3li\u00ed, kter\u00e1 v p\u0159\u00edpad\u011b, \u017ee se skute\u010dn\u011b n\u011bco stane, v\u0161e udr\u017e\u00ed pohromad\u011b a zabr\u00e1n\u00ed tomu, aby se v\u0161ude rozsypaly st\u0159epy.A kde jej nej\u010dast\u011bji najdeme? V sou\u010dasn\u00e9 dob\u011b jsou nejv\u00edce k vid\u011bn\u00ed v obchodn\u00edch centrech. M\u00e1 to samoz\u0159ejm\u011b sv\u016fj d\u016fvod \u2013 je nutn\u00e9, aby z\u00e1kazn\u00edci m\u011bli pokud mo\u017eno co nejm\u00e9n\u011b omezen\u00fd v\u00fdhled na jednotliv\u00e9 obchody.Pokud v\u00e1s ov\u0161em uchv\u00e1tilo, m\u016f\u017eete si jej po\u0159\u00eddit i dom\u016f. Jen bu\u010fte p\u0159ipraveni na to, \u017ee cena nebude nejni\u017e\u0161\u00ed. Ale s t\u00edm je t\u0159eba po\u010d\u00edtat.                                                                                                                                                                                                                                                                                                                                                                                          4.5\/5 - (11 votes)        "},{"@context":"https:\/\/schema.org\/","@type":"BreadcrumbList","itemListElement":[{"@type":"ListItem","position":1,"name":"Kde nej\u010dast\u011bji najdeme sklen\u011bn\u00e9 z\u00e1bradl\u00ed","item":"https:\/\/www.mebikan.cz\/kde-nejcasteji-najdeme-sklenene-zabradli\/#breadcrumbitem"}]}]