[{"@context":"https:\/\/schema.org\/","@type":"Article","@id":"https:\/\/www.mebikan.cz\/nebojte-se-byt-na-ocich\/#Article","mainEntityOfPage":"https:\/\/www.mebikan.cz\/nebojte-se-byt-na-ocich\/","headline":"Nebojte se b\u00fdt na o\u010d\u00edch!","name":"Nebojte se b\u00fdt na o\u010d\u00edch!","description":"V&nbsp;dne\u0161n\u00ed online dob\u011b v\u0161ichni sd\u00edlej\u00ed sv\u00e9 pocity i z\u00e1\u017eitky na soci\u00e1ln\u00ed s\u00edt\u011b. Mnoho lid\u00ed m\u016f\u017ee m\u00edt hromadu n\u00e1mitek, jedn\u00e1 se hlavn\u011b o lidi star\u0161\u00ed...","datePublished":"2017-10-04","dateModified":"2023-05-31","author":{"@type":"Person","@id":"https:\/\/www.mebikan.cz\/author\/#Person","name":"","url":"https:\/\/www.mebikan.cz\/author\/","identifier":1,"image":{"@type":"ImageObject","@id":"https:\/\/secure.gravatar.com\/avatar\/2a487990a452554e9d027cbab96c6e6e6d3b119f22a2b3fb9e2bcb7e021cd643?s=96&d=mm&r=g","url":"https:\/\/secure.gravatar.com\/avatar\/2a487990a452554e9d027cbab96c6e6e6d3b119f22a2b3fb9e2bcb7e021cd643?s=96&d=mm&r=g","height":96,"width":96}},"publisher":{"@type":"Organization","name":"mebikan.cz","logo":{"@type":"ImageObject","@id":"\/logo.png","url":"\/logo.png","width":600,"height":60}},"image":{"@type":"ImageObject","@id":"https:\/\/www.mebikan.cz\/wp-content\/uploads\/img_a302437_w1972_t1512384239.png","url":"https:\/\/www.mebikan.cz\/wp-content\/uploads\/img_a302437_w1972_t1512384239.png","height":0,"width":0},"url":"https:\/\/www.mebikan.cz\/nebojte-se-byt-na-ocich\/","about":["Web"],"wordCount":473,"articleBody":"V&nbsp;dne\u0161n\u00ed online dob\u011b v\u0161ichni sd\u00edlej\u00ed sv\u00e9 pocity i z\u00e1\u017eitky na soci\u00e1ln\u00ed s\u00edt\u011b. Mnoho lid\u00ed m\u016f\u017ee m\u00edt hromadu n\u00e1mitek, jedn\u00e1 se hlavn\u011b o lidi star\u0161\u00ed generace. Mysl\u00ed si, \u017ee kdy\u017e n\u011bkoho vid\u00ed v&nbsp;kav\u00e1rn\u011b s&nbsp;po\u010d\u00edta\u010dem nebo s&nbsp;mobilem v&nbsp;ruce tak \u017ee se jedn\u00e1 pouze o \u010dlov\u011bka, kter\u00fd se nedok\u00e1\u017ee bavit, nebo si hned \u0159eknou, \u017ee je z\u00e1visl\u00fd na t\u011bchto p\u0159\u00edstroj\u00edch, co oni d\u011blali v&nbsp;jeho letech, v\u0161ichni to zn\u00e1me&hellip;V&nbsp;dne\u0161n\u00ed dob\u011b si, ale mohou lid\u00e9 t\u00edm, \u017ee sd\u00edl\u00ed sv\u016fj \u017eivot vyd\u011bl\u00e1vat. T\u00edm, \u017ee p\u00ed\u0161\u00ed \u010dl\u00e1nky na r\u016fzn\u00e9 blogy nebo t\u00edm, \u017ee sd\u00edl\u00ed na instagramu \u010di na jin\u00fdch soci\u00e1ln\u00edch s\u00edt\u00edch sv\u016fj ka\u017edodenn\u00ed \u017eivot. Vym\u00fd\u0161lej\u00ed a pln\u00ed r\u016fzn\u00e9 \u00fakoly a pod\u00edlej\u00ed se na mnoha projektech.Blogy, instagramov\u00e9 \u00fa\u010dty a jin\u00e9 profily na soci\u00e1ln\u00edch s\u00edt\u00edch m\u016f\u017eeme rozd\u011blit do r\u016fzn\u00fdch kategori\u00ed.Nej\u010dast\u011bj\u0161\u00ed kategorie jsou:&middot;&nbsp;&nbsp;&nbsp;&nbsp;&nbsp;&nbsp;&nbsp;&nbsp; fashion&middot;&nbsp;&nbsp;&nbsp;&nbsp;&nbsp;&nbsp;&nbsp;&nbsp; beauty&middot;&nbsp;&nbsp;&nbsp;&nbsp;&nbsp;&nbsp;&nbsp;&nbsp; food&middot;&nbsp;&nbsp;&nbsp;&nbsp;&nbsp;&nbsp;&nbsp;&nbsp; lifestyleLid\u00e9 v&nbsp;kategorii fashion se v\u011bnuj\u00ed m\u00f3d\u011b a v\u011bt\u0161inou mezi jejich \u010dinnosti pat\u0159\u00ed r\u016fzn\u00e9 m\u00f3dn\u00ed p\u0159ehl\u00eddky, spolupr\u00e1ce se za\u010d\u00ednaj\u00edc\u00edmi n\u00e1vrh\u00e1\u0159i a spolupr\u00e1ce s&nbsp;r\u016fzn\u00fdmi zna\u010dkami. D\u011blaj\u00ed obchod\u016fm reklamy a za to od nich n\u011bco dost\u00e1vaj\u00ed, mohou to b\u00fdt pen\u00edze nebo n\u011bco v\u011bcn\u00e9ho.V&nbsp;kategorii beauty se v\u011bt\u0161inou v\u0161e to\u010d\u00ed kolem kosmetiky. Jak kolem pe\u010duj\u00edc\u00ed, tak kolem dekorativn\u00ed, ti, co se touto kategori\u00ed zab\u00fdvaj\u00ed v\u011bt\u0161inou propaguj\u00ed sv\u00e9 obl\u00edben\u00e9 produkty a tak\u00e9 upozor\u0148uj\u00ed ostatn\u00ed co podle nich nen\u00ed \u00fapln\u011b dobr\u00e9.Do food kategorie v\u011bt\u0161inou spadaj\u00ed dva typy lid\u00ed. Prvn\u00ed kategori\u00ed jsou lid\u00e9, kte\u0159\u00ed se aktivn\u011b v\u011bnuj\u00ed va\u0159en\u00ed, vyd\u00e1vaj\u00ed sv\u00e9 recepty a n\u011bkdy i sv\u00e9 kucha\u0159ky. A do druh\u00e9 kategorie spadaj\u00ed ti, kte\u0159\u00ed maj\u00ed z\u00e1libu sp\u00ed\u0161e v&nbsp;ochutn\u00e1v\u00e1n\u00ed j\u00eddla a v&nbsp;objevov\u00e1n\u00ed nov\u00fdch chut\u00ed.V&nbsp;lifestyle kategorii najdeme spoustu lid\u00ed, kte\u0159\u00ed n\u00e1m ukazuj\u00ed sv\u016fj ka\u017edodenn\u00ed \u017eivot pln\u00fd sportu, cestov\u00e1n\u00ed, p\u0159\u00edrody nebo kombinace p\u0159ede\u0161l\u00fdch kategori\u00ed.V&nbsp;dne\u0161n\u00edm sv\u011bt\u011b si m\u016f\u017eeme vybrat opravdu cokoliv budeme cht\u00edt d\u011blat, v&nbsp;tomto p\u0159\u00edpad\u011b n\u00e1m sta\u010d\u00ed pouze internet a trochu kreativity.                                                                                                                                                                                                                                                                                                                                                                                        3.6\/5 - (10 votes)        "},{"@context":"https:\/\/schema.org\/","@type":"BreadcrumbList","itemListElement":[{"@type":"ListItem","position":1,"name":"Nebojte se b\u00fdt na o\u010d\u00edch!","item":"https:\/\/www.mebikan.cz\/nebojte-se-byt-na-ocich\/#breadcrumbitem"}]}]