[{"@context":"https:\/\/schema.org\/","@type":"Article","@id":"https:\/\/www.mebikan.cz\/vetsi-prostor-pro-ziti\/#Article","mainEntityOfPage":"https:\/\/www.mebikan.cz\/vetsi-prostor-pro-ziti\/","headline":"V\u011bt\u0161\u00ed prostor pro \u017eit\u00ed","name":"V\u011bt\u0161\u00ed prostor pro \u017eit\u00ed","description":"Mnoho lid\u00ed zcela opr\u00e1vn\u011bn\u011b b\u011bduje nad velikost\u00ed, respektive malost\u00ed sv\u00e9ho p\u0159\u00edbytku. \u010casto v\u0161ak nen\u00ed jin\u00e9 zbyt\u00ed, jeliko\u017e velk\u00e9 byty jsou drah\u00e9, a nav\u00edc se...","datePublished":"2023-04-11","dateModified":"2024-05-20","author":{"@type":"Person","@id":"https:\/\/www.mebikan.cz\/author\/#Person","name":"","url":"https:\/\/www.mebikan.cz\/author\/","identifier":1,"image":{"@type":"ImageObject","@id":"https:\/\/secure.gravatar.com\/avatar\/2a487990a452554e9d027cbab96c6e6e6d3b119f22a2b3fb9e2bcb7e021cd643?s=96&d=mm&r=g","url":"https:\/\/secure.gravatar.com\/avatar\/2a487990a452554e9d027cbab96c6e6e6d3b119f22a2b3fb9e2bcb7e021cd643?s=96&d=mm&r=g","height":96,"width":96}},"publisher":{"@type":"Organization","name":"mebikan.cz","logo":{"@type":"ImageObject","@id":"\/logo.png","url":"\/logo.png","width":600,"height":60}},"image":{"@type":"ImageObject","@id":"https:\/\/www.mebikan.cz\/wp-content\/uploads\/Sk%C5%99%C3%AD%C5%88ka.jpg","url":"https:\/\/www.mebikan.cz\/wp-content\/uploads\/Sk%C5%99%C3%AD%C5%88ka.jpg","height":0,"width":0},"url":"https:\/\/www.mebikan.cz\/vetsi-prostor-pro-ziti\/","about":["N\u00e1kupy"],"wordCount":436,"articleBody":"   Mnoho lid\u00ed zcela opr\u00e1vn\u011bn\u011b b\u011bduje nad velikost\u00ed, respektive malost\u00ed sv\u00e9ho p\u0159\u00edbytku. \u010casto v\u0161ak nen\u00ed jin\u00e9 zbyt\u00ed, jeliko\u017e velk\u00e9 byty jsou drah\u00e9, a nav\u00edc se nedaj\u00ed skoro sehnat. U n\u00e1s, jak zn\u00e1mo, se stav\u00ed hlavn\u011b hypermarkety a \u0161patn\u00e9 cesty, nikoliv v\u0161ak obytn\u00e9 domy. Ov\u0161em nen\u00ed pot\u0159eba vid\u011bt v\u0161echno tak \u010dern\u011b, i a na relativn\u011b mal\u00e9m prostoru se d\u00e1 docela spokojen\u011b \u017e\u00edt. Kdo v\u0161ak chce, m\u016f\u017ee si to p\u0159eci jen o trochu vylep\u0161it, t\u0159eba speci\u00e1ln\u00edm n\u00e1bytkem. Ten je obdobn\u011b efektivn\u00ed jako jarn\u00ed \u00faklid, jen je pot\u0159eba do n\u011bj investovat trochu v\u011bt\u0161\u00ed pen\u00edze. jak moc, to z\u00e1le\u017e\u00ed na po\u010dtu a tak\u00e9 velikosti. Obecn\u011b plat\u00ed, \u017ee \u010d\u00edm v\u00edce si \u010dlov\u011bk dom\u016f vestav\u011bn\u00fdch sk\u0159\u00edn\u00ed po\u0159\u00edd\u00ed, t\u00edm v\u00edce u\u0161et\u0159\u00ed prostoru. Nicm\u00e9n\u011b tento typ n\u00e1bytku se nepou\u017e\u00edv\u00e1 pouze v dom\u00e1cnostech. V\u00edce m\u00edsta si p\u0159ej\u00ed m\u00edt tak\u00e9 v kancel\u00e1\u0159\u00edch a na mnoha jin\u00fdch pracovi\u0161t\u00edch. Jedn\u00e1 se tedy o zbo\u017e\u00ed, o kter\u00e9 je skute\u010dn\u011b velk\u00fd z\u00e1jem.Vestav\u011bn\u00e9 sk\u0159\u00edn\u011b jsou opravdu jedine\u010dn\u00e9, a to hlavn\u011b t\u00edm, \u017ee nezab\u00edraj\u00ed \u017e\u00e1dn\u00e9 u\u017eitn\u00e9 m\u00edsto. Obvykle se toti\u017e schov\u00e1vaj\u00ed ve st\u011bn\u00e1ch, kde n\u00e1m vlastn\u011b v\u016fbec nep\u0159ek\u00e1\u017e\u00ed. D\u00edky tomu jsou velice efektivn\u00ed. Nav\u00edc nab\u00edzej\u00ed i dostate\u010dn\u00e9 mno\u017estv\u00ed \u00falo\u017en\u00e9ho prostoru, tak\u017ee se \u010dlov\u011bk nemus\u00ed ob\u00e1vat vym\u011bnit sou\u010dasnou sk\u0159\u00ed\u0148 na modern\u00ed vestav\u011bnou verzi. V\u011bci, kter\u00e9 m\u011bl v p\u016fvodn\u00edm n\u00e1bytku, si m\u016f\u017ee po instalaci ulo\u017eit do toho nov\u00e9ho. Co se ceny t\u00fd\u010de, nejedn\u00e1 se o nic stra\u0161n\u00e9ho. Hodn\u011b zde samoz\u0159ejm\u011b z\u00e1le\u017e\u00ed na velikosti a tak\u00e9 pou\u017eit\u00e9m materi\u00e1lu. Na tom se nedoporu\u010duje p\u0159\u00edli\u0161 \u0161et\u0159it. Je lep\u0161\u00ed investovat ze za\u010d\u00e1tku v\u00edce, a pak se dlouh\u00e1 l\u00e9ta t\u011b\u0161it z funk\u010dn\u00edho n\u00e1bytku ne\u017e ho muset za p\u00e1r let m\u011bnit za nov\u00fd.Na m\u00edruV\u0161echny vestav\u011bn\u00e9 sk\u0159\u00edn\u011b se z pochopiteln\u00fdch d\u016fvod\u016f produkuj\u00ed na m\u00edru. Ka\u017ed\u00fd m\u00e1 toti\u017e jinak rozlo\u017een\u00fd byt a jinou tlou\u0161\u0165ku st\u011bn. Tak\u00e9 je nezbytn\u00e9 vz\u00edt v potaz i tvar zd\u00ed, kter\u00fd \u010dasto m\u016f\u017ee b\u00fdt i dost atypick\u00fd. Ov\u0161em i p\u0159esto si v\u00fdrobci v naprost\u00e9 v\u011bt\u0161in\u011b p\u0159\u00edpad\u016f dok\u00e1\u017e\u00ed poradit.                                                                                                                                                                                                                                                                                                                                                                                          4.6\/5 - (8 votes)        "},{"@context":"https:\/\/schema.org\/","@type":"BreadcrumbList","itemListElement":[{"@type":"ListItem","position":1,"name":"V\u011bt\u0161\u00ed prostor pro \u017eit\u00ed","item":"https:\/\/www.mebikan.cz\/vetsi-prostor-pro-ziti\/#breadcrumbitem"}]}]